{"id":1818,"date":"2025-06-05T07:30:00","date_gmt":"2025-06-05T05:30:00","guid":{"rendered":"https:\/\/www.charlyverse.com\/?p=1818"},"modified":"2026-01-21T15:21:02","modified_gmt":"2026-01-21T14:21:02","slug":"lia-et-les-nouveautes-de-la-plateforme-c-sont-les-themes-centraux-des-26e-journees-technologiques-du-speedikon-group__trashed","status":"publish","type":"post","link":"https:\/\/www.charlyverse.com\/es\/lia-et-les-nouveautes-de-la-plateforme-c-sont-les-themes-centraux-des-26e-journees-technologiques-du-speedikon-group__trashed\/","title":{"rendered":"La IA y las innovaciones en la plataforma C son los temas clave de las 26\u00aa Jornadas Tecnol\u00f3gicas del Grupo speedikon"},"content":{"rendered":"<p>Las posibilidades de la inteligencia artificial (IA) en la pr\u00e1ctica de la gesti\u00f3n de instalaciones y la documentaci\u00f3n industrial, el mantenimiento y la reparaci\u00f3n ser\u00e1n un punto central de las pr\u00f3ximas 26 Jornadas Tecnol\u00f3gicas del Grupo speedikon. Las numerosas innovaciones de la plataforma C tambi\u00e9n se debatir\u00e1n exhaustivamente en ambas jornadas.<\/p>\n<p>La IA ya est\u00e1 aqu\u00ed, pero no siempre cumple las esperanzas que los usuarios depositan en ella. Una presentaci\u00f3n de la Dra. Alexandra Merkel el primer d\u00eda del evento para los usuarios de la plataforma C cubrir\u00e1 lo que la IA ya puede hacer hoy en d\u00eda de forma fiable, qu\u00e9 obst\u00e1culos quedan por superar, c\u00f3mo se puede hacer y d\u00f3nde est\u00e1n los l\u00edmites de la inteligencia artificial. Este contenido se complementar\u00e1 el segundo d\u00eda con dos talleres sobre gesti\u00f3n del conocimiento con IA.<\/p>\n<p>Un amplio resumen explicar\u00e1 las novedades de la versi\u00f3n C 2025.1 de la plataforma y las mejoras que aportan para trabajar con speedikon C, DAMS C, Framence C y WiriTec C. Un art\u00edculo complementario est\u00e1 dedicado a la hoja de ruta de la plataforma C para 2026 y los a\u00f1os siguientes.<\/p>\n<p>Se han previsto grupos de usuarios independientes para el intercambio especializado de informaci\u00f3n entre los usuarios de los distintos productos del speedikon Group. En ellos se podr\u00e1 responder detalladamente a las preguntas y explicar con detalle ejemplos de aplicaci\u00f3n.<\/p>\n<p>Las XXVI Jornadas Tecnol\u00f3gicas del speedikon Group tendr\u00e1n lugar el martes 24 y el mi\u00e9rcoles 25 de junio de 2025 en la sede central de la empresa en Bensheim. El programa incluye presentaciones, talleres y reuniones de diversos grupos de usuarios. Un evento nocturno brindar\u00e1 la oportunidad de establecer contactos y ampliar el di\u00e1logo profesional.<\/p>\n<p>Todav\u00eda es posible <a href=\"https:\/\/www.speedikonfm.com\/technologietage-2025\/\" target=\"_blank\" rel=\"noopener\">inscribirse<\/a> en l\u00ednea para las Jornadas Tecnol\u00f3gicas.\u00a0El <a href=\"https:\/\/www.speedikonfm.com\/wp-content\/uploads\/2025\/05\/Technologietage_Programm_2025.pdf\" target=\"_blank\" rel=\"noopener\">programa completo<\/a> tambi\u00e9 est\u00e1 disponible en alem\u00e1n.<\/p>\n<p>&nbsp;<\/p>\n<p><em>Images: speedikon FM AG<\/em><\/p>\n","protected":false},"excerpt":{"rendered":"<p>Las posibilidades de la inteligencia artificial (IA) en la pr\u00e1ctica de la gesti\u00f3n de instalaciones y la documentaci\u00f3n industrial, el mantenimiento y la reparaci\u00f3n ser\u00e1n un punto central de las pr\u00f3ximas 26 Jornadas Tecnol\u00f3gicas del Grupo speedikon. Las numerosas innovaciones de la plataforma C tambi\u00e9n se debatir\u00e1n exhaustivamente en ambas jornadas. La IA ya est\u00e1 [&hellip;]<\/p>\n","protected":false},"author":5,"featured_media":1862,"comment_status":"closed","ping_status":"open","sticky":false,"template":"","format":"standard","meta":{"ocean_post_layout":"","ocean_both_sidebars_style":"","ocean_both_sidebars_content_width":0,"ocean_both_sidebars_sidebars_width":0,"ocean_sidebar":"0","ocean_second_sidebar":"0","ocean_disable_margins":"enable","ocean_add_body_class":"","ocean_shortcode_before_top_bar":"","ocean_shortcode_after_top_bar":"","ocean_shortcode_before_header":"","ocean_shortcode_after_header":"","ocean_has_shortcode":"","ocean_shortcode_after_title":"","ocean_shortcode_before_footer_widgets":"","ocean_shortcode_after_footer_widgets":"","ocean_shortcode_before_footer_bottom":"","ocean_shortcode_after_footer_bottom":"","ocean_display_top_bar":"default","ocean_display_header":"default","ocean_header_style":"","ocean_center_header_left_menu":"0","ocean_custom_header_template":"0","ocean_custom_logo":0,"ocean_custom_retina_logo":0,"ocean_custom_logo_max_width":0,"ocean_custom_logo_tablet_max_width":0,"ocean_custom_logo_mobile_max_width":0,"ocean_custom_logo_max_height":0,"ocean_custom_logo_tablet_max_height":0,"ocean_custom_logo_mobile_max_height":0,"ocean_header_custom_menu":"0","ocean_menu_typo_font_family":"0","ocean_menu_typo_font_subset":"","ocean_menu_typo_font_size":0,"ocean_menu_typo_font_size_tablet":0,"ocean_menu_typo_font_size_mobile":0,"ocean_menu_typo_font_size_unit":"px","ocean_menu_typo_font_weight":"","ocean_menu_typo_font_weight_tablet":"","ocean_menu_typo_font_weight_mobile":"","ocean_menu_typo_transform":"","ocean_menu_typo_transform_tablet":"","ocean_menu_typo_transform_mobile":"","ocean_menu_typo_line_height":0,"ocean_menu_typo_line_height_tablet":0,"ocean_menu_typo_line_height_mobile":0,"ocean_menu_typo_line_height_unit":"","ocean_menu_typo_spacing":0,"ocean_menu_typo_spacing_tablet":0,"ocean_menu_typo_spacing_mobile":0,"ocean_menu_typo_spacing_unit":"","ocean_menu_link_color":"","ocean_menu_link_color_hover":"","ocean_menu_link_color_active":"","ocean_menu_link_background":"","ocean_menu_link_hover_background":"","ocean_menu_link_active_background":"","ocean_menu_social_links_bg":"","ocean_menu_social_hover_links_bg":"","ocean_menu_social_links_color":"","ocean_menu_social_hover_links_color":"","ocean_disable_title":"default","ocean_disable_heading":"default","ocean_post_title":"","ocean_post_subheading":"","ocean_post_title_style":"","ocean_post_title_background_color":"","ocean_post_title_background":0,"ocean_post_title_bg_image_position":"","ocean_post_title_bg_image_attachment":"","ocean_post_title_bg_image_repeat":"","ocean_post_title_bg_image_size":"","ocean_post_title_height":0,"ocean_post_title_bg_overlay":0.5,"ocean_post_title_bg_overlay_color":"","ocean_disable_breadcrumbs":"default","ocean_breadcrumbs_color":"","ocean_breadcrumbs_separator_color":"","ocean_breadcrumbs_links_color":"","ocean_breadcrumbs_links_hover_color":"","ocean_display_footer_widgets":"default","ocean_display_footer_bottom":"default","ocean_custom_footer_template":"0","osh_disable_topbar_sticky":"default","osh_disable_header_sticky":"default","osh_sticky_header_style":"default","osh_sticky_header_effect":"","osh_custom_sticky_logo":0,"osh_custom_retina_sticky_logo":0,"osh_custom_sticky_logo_height":0,"osh_background_color":"","osh_links_color":"","osh_links_hover_color":"","osh_links_active_color":"","osh_links_bg_color":"","osh_links_hover_bg_color":"","osh_links_active_bg_color":"","osh_menu_social_links_color":"","osh_menu_social_hover_links_color":"","ocean_post_oembed":"","ocean_post_self_hosted_media":"","ocean_post_video_embed":"","ocean_link_format":"","ocean_link_format_target":"self","ocean_quote_format":"","ocean_quote_format_link":"post","ocean_gallery_link_images":"on","ocean_gallery_id":[],"footnotes":""},"categories":[288],"tags":[222,291,270,185,204],"class_list":["post-1818","post","type-post","status-publish","format-standard","has-post-thumbnail","hentry","category-eventos","tag-dams-es","tag-eventos","tag-ia-es","tag-ki-es","tag-speedikon-c-es","entry","has-media"],"yoast_head":"<!-- This site is optimized with the Yoast SEO plugin v27.4 - https:\/\/yoast.com\/product\/yoast-seo-wordpress\/ -->\n<title>Innovaciones de la plataforma C y IA en los Technologietage | Charlyverse<\/title>\n<meta name=\"description\" content=\"En los 26 Technologietage, speedikon presenta casos de uso de IA y las mejoras recientes de la plataforma C para gesti\u00f3n y mantenimiento.\" \/>\n<meta name=\"robots\" content=\"index, follow, max-snippet:-1, max-image-preview:large, max-video-preview:-1\" \/>\n<link rel=\"canonical\" href=\"https:\/\/www.charlyverse.com\/es\/lia-et-les-nouveautes-de-la-plateforme-c-sont-les-themes-centraux-des-26e-journees-technologiques-du-speedikon-group__trashed\/\" \/>\n<meta property=\"og:locale\" content=\"es_ES\" \/>\n<meta property=\"og:type\" content=\"article\" \/>\n<meta property=\"og:title\" content=\"Innovaciones de la plataforma C y IA en los Technologietage | Charlyverse\" \/>\n<meta property=\"og:description\" content=\"En los 26 Technologietage, speedikon presenta casos de uso de IA y las mejoras recientes de la plataforma C para gesti\u00f3n y mantenimiento.\" \/>\n<meta property=\"og:url\" content=\"https:\/\/www.charlyverse.com\/es\/lia-et-les-nouveautes-de-la-plateforme-c-sont-les-themes-centraux-des-26e-journees-technologiques-du-speedikon-group__trashed\/\" \/>\n<meta property=\"og:site_name\" content=\"Charlyverse\" \/>\n<meta property=\"article:published_time\" content=\"2025-06-05T05:30:00+00:00\" \/>\n<meta property=\"article:modified_time\" content=\"2026-01-21T14:21:02+00:00\" \/>\n<meta property=\"og:image\" content=\"https:\/\/www.charlyverse.com\/wp-content\/uploads\/2025\/06\/Charlyverse_Bild_Technologietage_Ankuendigung_eng.jpg\" \/>\n\t<meta property=\"og:image:width\" content=\"1200\" \/>\n\t<meta property=\"og:image:height\" content=\"800\" \/>\n\t<meta property=\"og:image:type\" content=\"image\/jpeg\" \/>\n<meta name=\"author\" content=\"Charly\" \/>\n<meta name=\"twitter:card\" content=\"summary_large_image\" \/>\n<meta name=\"twitter:label1\" content=\"Escrito por\" \/>\n\t<meta name=\"twitter:data1\" content=\"Charly\" \/>\n\t<meta name=\"twitter:label2\" content=\"Tiempo de lectura\" \/>\n\t<meta name=\"twitter:data2\" content=\"2 minutos\" \/>\n<script type=\"application\/ld+json\" class=\"yoast-schema-graph\">{\"@context\":\"https:\\\/\\\/schema.org\",\"@graph\":[{\"@type\":\"Article\",\"@id\":\"https:\\\/\\\/www.charlyverse.com\\\/es\\\/lia-et-les-nouveautes-de-la-plateforme-c-sont-les-themes-centraux-des-26e-journees-technologiques-du-speedikon-group__trashed\\\/#article\",\"isPartOf\":{\"@id\":\"https:\\\/\\\/www.charlyverse.com\\\/es\\\/lia-et-les-nouveautes-de-la-plateforme-c-sont-les-themes-centraux-des-26e-journees-technologiques-du-speedikon-group__trashed\\\/\"},\"author\":{\"name\":\"Charly\",\"@id\":\"https:\\\/\\\/www.charlyverse.com\\\/#\\\/schema\\\/person\\\/ee3b98a61c758b8fe0bc70bddbb6aee9\"},\"headline\":\"La IA y las innovaciones en la plataforma C son los temas clave de las 26\u00aa Jornadas Tecnol\u00f3gicas del Grupo speedikon\",\"datePublished\":\"2025-06-05T05:30:00+00:00\",\"dateModified\":\"2026-01-21T14:21:02+00:00\",\"mainEntityOfPage\":{\"@id\":\"https:\\\/\\\/www.charlyverse.com\\\/es\\\/lia-et-les-nouveautes-de-la-plateforme-c-sont-les-themes-centraux-des-26e-journees-technologiques-du-speedikon-group__trashed\\\/\"},\"wordCount\":350,\"publisher\":{\"@id\":\"https:\\\/\\\/www.charlyverse.com\\\/#organization\"},\"image\":{\"@id\":\"https:\\\/\\\/www.charlyverse.com\\\/es\\\/lia-et-les-nouveautes-de-la-plateforme-c-sont-les-themes-centraux-des-26e-journees-technologiques-du-speedikon-group__trashed\\\/#primaryimage\"},\"thumbnailUrl\":\"https:\\\/\\\/www.charlyverse.com\\\/wp-content\\\/uploads\\\/2025\\\/06\\\/Charlyverse_Bild_Technologietage_Ankuendigung_eng.jpg\",\"keywords\":[\"DAMS\",\"Eventos\",\"IA\",\"KI\",\"speedikon C\"],\"articleSection\":[\"Eventos\"],\"inLanguage\":\"es\"},{\"@type\":\"WebPage\",\"@id\":\"https:\\\/\\\/www.charlyverse.com\\\/es\\\/lia-et-les-nouveautes-de-la-plateforme-c-sont-les-themes-centraux-des-26e-journees-technologiques-du-speedikon-group__trashed\\\/\",\"url\":\"https:\\\/\\\/www.charlyverse.com\\\/es\\\/lia-et-les-nouveautes-de-la-plateforme-c-sont-les-themes-centraux-des-26e-journees-technologiques-du-speedikon-group__trashed\\\/\",\"name\":\"Innovaciones de la plataforma C y IA en los Technologietage | Charlyverse\",\"isPartOf\":{\"@id\":\"https:\\\/\\\/www.charlyverse.com\\\/#website\"},\"primaryImageOfPage\":{\"@id\":\"https:\\\/\\\/www.charlyverse.com\\\/es\\\/lia-et-les-nouveautes-de-la-plateforme-c-sont-les-themes-centraux-des-26e-journees-technologiques-du-speedikon-group__trashed\\\/#primaryimage\"},\"image\":{\"@id\":\"https:\\\/\\\/www.charlyverse.com\\\/es\\\/lia-et-les-nouveautes-de-la-plateforme-c-sont-les-themes-centraux-des-26e-journees-technologiques-du-speedikon-group__trashed\\\/#primaryimage\"},\"thumbnailUrl\":\"https:\\\/\\\/www.charlyverse.com\\\/wp-content\\\/uploads\\\/2025\\\/06\\\/Charlyverse_Bild_Technologietage_Ankuendigung_eng.jpg\",\"datePublished\":\"2025-06-05T05:30:00+00:00\",\"dateModified\":\"2026-01-21T14:21:02+00:00\",\"description\":\"En los 26 Technologietage, speedikon presenta casos de uso de IA y las mejoras recientes de la plataforma C para gesti\u00f3n y mantenimiento.\",\"breadcrumb\":{\"@id\":\"https:\\\/\\\/www.charlyverse.com\\\/es\\\/lia-et-les-nouveautes-de-la-plateforme-c-sont-les-themes-centraux-des-26e-journees-technologiques-du-speedikon-group__trashed\\\/#breadcrumb\"},\"inLanguage\":\"es\",\"potentialAction\":[{\"@type\":\"ReadAction\",\"target\":[\"https:\\\/\\\/www.charlyverse.com\\\/es\\\/lia-et-les-nouveautes-de-la-plateforme-c-sont-les-themes-centraux-des-26e-journees-technologiques-du-speedikon-group__trashed\\\/\"]}]},{\"@type\":\"ImageObject\",\"inLanguage\":\"es\",\"@id\":\"https:\\\/\\\/www.charlyverse.com\\\/es\\\/lia-et-les-nouveautes-de-la-plateforme-c-sont-les-themes-centraux-des-26e-journees-technologiques-du-speedikon-group__trashed\\\/#primaryimage\",\"url\":\"https:\\\/\\\/www.charlyverse.com\\\/wp-content\\\/uploads\\\/2025\\\/06\\\/Charlyverse_Bild_Technologietage_Ankuendigung_eng.jpg\",\"contentUrl\":\"https:\\\/\\\/www.charlyverse.com\\\/wp-content\\\/uploads\\\/2025\\\/06\\\/Charlyverse_Bild_Technologietage_Ankuendigung_eng.jpg\",\"width\":1200,\"height\":800,\"caption\":\"Invitaci\u00f3n a las \\\"Jornadas Tecnol\u00f3gicas 2025\\\" con fechas y un edificio de fondo.\"},{\"@type\":\"BreadcrumbList\",\"@id\":\"https:\\\/\\\/www.charlyverse.com\\\/es\\\/lia-et-les-nouveautes-de-la-plateforme-c-sont-les-themes-centraux-des-26e-journees-technologiques-du-speedikon-group__trashed\\\/#breadcrumb\",\"itemListElement\":[{\"@type\":\"ListItem\",\"position\":1,\"name\":\"Start\",\"item\":\"https:\\\/\\\/www.charlyverse.com\\\/\"},{\"@type\":\"ListItem\",\"position\":2,\"name\":\"La IA y las innovaciones en la plataforma C son los temas clave de las 26\u00aa Jornadas Tecnol\u00f3gicas del Grupo speedikon\"}]},{\"@type\":\"WebSite\",\"@id\":\"https:\\\/\\\/www.charlyverse.com\\\/#website\",\"url\":\"https:\\\/\\\/www.charlyverse.com\\\/\",\"name\":\"Charlyverse\",\"description\":\"Home\",\"publisher\":{\"@id\":\"https:\\\/\\\/www.charlyverse.com\\\/#organization\"},\"potentialAction\":[{\"@type\":\"SearchAction\",\"target\":{\"@type\":\"EntryPoint\",\"urlTemplate\":\"https:\\\/\\\/www.charlyverse.com\\\/?s={search_term_string}\"},\"query-input\":{\"@type\":\"PropertyValueSpecification\",\"valueRequired\":true,\"valueName\":\"search_term_string\"}}],\"inLanguage\":\"es\"},{\"@type\":\"Organization\",\"@id\":\"https:\\\/\\\/www.charlyverse.com\\\/#organization\",\"name\":\"Charlyverse\",\"url\":\"https:\\\/\\\/www.charlyverse.com\\\/\",\"logo\":{\"@type\":\"ImageObject\",\"inLanguage\":\"es\",\"@id\":\"https:\\\/\\\/www.charlyverse.com\\\/#\\\/schema\\\/logo\\\/image\\\/\",\"url\":\"https:\\\/\\\/www.charlyverse.com\\\/wp-content\\\/uploads\\\/2025\\\/05\\\/Charlyverse_Favicon_32x32.png\",\"contentUrl\":\"https:\\\/\\\/www.charlyverse.com\\\/wp-content\\\/uploads\\\/2025\\\/05\\\/Charlyverse_Favicon_32x32.png\",\"width\":32,\"height\":32,\"caption\":\"Charlyverse\"},\"image\":{\"@id\":\"https:\\\/\\\/www.charlyverse.com\\\/#\\\/schema\\\/logo\\\/image\\\/\"}},{\"@type\":\"Person\",\"@id\":\"https:\\\/\\\/www.charlyverse.com\\\/#\\\/schema\\\/person\\\/ee3b98a61c758b8fe0bc70bddbb6aee9\",\"name\":\"Charly\",\"image\":{\"@type\":\"ImageObject\",\"inLanguage\":\"es\",\"@id\":\"https:\\\/\\\/secure.gravatar.com\\\/avatar\\\/d5986b3e06b635adace9f25491778ab88bdbe7230fd88481a592d1a899f3bc90?s=96&d=mm&r=g\",\"url\":\"https:\\\/\\\/secure.gravatar.com\\\/avatar\\\/d5986b3e06b635adace9f25491778ab88bdbe7230fd88481a592d1a899f3bc90?s=96&d=mm&r=g\",\"contentUrl\":\"https:\\\/\\\/secure.gravatar.com\\\/avatar\\\/d5986b3e06b635adace9f25491778ab88bdbe7230fd88481a592d1a899f3bc90?s=96&d=mm&r=g\",\"caption\":\"Charly\"},\"url\":\"https:\\\/\\\/www.charlyverse.com\\\/es\\\/author\\\/charly\\\/\"}]}<\/script>\n<!-- \/ Yoast SEO plugin. -->","yoast_head_json":{"title":"Innovaciones de la plataforma C y IA en los Technologietage | Charlyverse","description":"En los 26 Technologietage, speedikon presenta casos de uso de IA y las mejoras recientes de la plataforma C para gesti\u00f3n y mantenimiento.","robots":{"index":"index","follow":"follow","max-snippet":"max-snippet:-1","max-image-preview":"max-image-preview:large","max-video-preview":"max-video-preview:-1"},"canonical":"https:\/\/www.charlyverse.com\/es\/lia-et-les-nouveautes-de-la-plateforme-c-sont-les-themes-centraux-des-26e-journees-technologiques-du-speedikon-group__trashed\/","og_locale":"es_ES","og_type":"article","og_title":"Innovaciones de la plataforma C y IA en los Technologietage | Charlyverse","og_description":"En los 26 Technologietage, speedikon presenta casos de uso de IA y las mejoras recientes de la plataforma C para gesti\u00f3n y mantenimiento.","og_url":"https:\/\/www.charlyverse.com\/es\/lia-et-les-nouveautes-de-la-plateforme-c-sont-les-themes-centraux-des-26e-journees-technologiques-du-speedikon-group__trashed\/","og_site_name":"Charlyverse","article_published_time":"2025-06-05T05:30:00+00:00","article_modified_time":"2026-01-21T14:21:02+00:00","og_image":[{"width":1200,"height":800,"url":"https:\/\/www.charlyverse.com\/wp-content\/uploads\/2025\/06\/Charlyverse_Bild_Technologietage_Ankuendigung_eng.jpg","type":"image\/jpeg"}],"author":"Charly","twitter_card":"summary_large_image","twitter_misc":{"Escrito por":"Charly","Tiempo de lectura":"2 minutos"},"schema":{"@context":"https:\/\/schema.org","@graph":[{"@type":"Article","@id":"https:\/\/www.charlyverse.com\/es\/lia-et-les-nouveautes-de-la-plateforme-c-sont-les-themes-centraux-des-26e-journees-technologiques-du-speedikon-group__trashed\/#article","isPartOf":{"@id":"https:\/\/www.charlyverse.com\/es\/lia-et-les-nouveautes-de-la-plateforme-c-sont-les-themes-centraux-des-26e-journees-technologiques-du-speedikon-group__trashed\/"},"author":{"name":"Charly","@id":"https:\/\/www.charlyverse.com\/#\/schema\/person\/ee3b98a61c758b8fe0bc70bddbb6aee9"},"headline":"La IA y las innovaciones en la plataforma C son los temas clave de las 26\u00aa Jornadas Tecnol\u00f3gicas del Grupo speedikon","datePublished":"2025-06-05T05:30:00+00:00","dateModified":"2026-01-21T14:21:02+00:00","mainEntityOfPage":{"@id":"https:\/\/www.charlyverse.com\/es\/lia-et-les-nouveautes-de-la-plateforme-c-sont-les-themes-centraux-des-26e-journees-technologiques-du-speedikon-group__trashed\/"},"wordCount":350,"publisher":{"@id":"https:\/\/www.charlyverse.com\/#organization"},"image":{"@id":"https:\/\/www.charlyverse.com\/es\/lia-et-les-nouveautes-de-la-plateforme-c-sont-les-themes-centraux-des-26e-journees-technologiques-du-speedikon-group__trashed\/#primaryimage"},"thumbnailUrl":"https:\/\/www.charlyverse.com\/wp-content\/uploads\/2025\/06\/Charlyverse_Bild_Technologietage_Ankuendigung_eng.jpg","keywords":["DAMS","Eventos","IA","KI","speedikon C"],"articleSection":["Eventos"],"inLanguage":"es"},{"@type":"WebPage","@id":"https:\/\/www.charlyverse.com\/es\/lia-et-les-nouveautes-de-la-plateforme-c-sont-les-themes-centraux-des-26e-journees-technologiques-du-speedikon-group__trashed\/","url":"https:\/\/www.charlyverse.com\/es\/lia-et-les-nouveautes-de-la-plateforme-c-sont-les-themes-centraux-des-26e-journees-technologiques-du-speedikon-group__trashed\/","name":"Innovaciones de la plataforma C y IA en los Technologietage | Charlyverse","isPartOf":{"@id":"https:\/\/www.charlyverse.com\/#website"},"primaryImageOfPage":{"@id":"https:\/\/www.charlyverse.com\/es\/lia-et-les-nouveautes-de-la-plateforme-c-sont-les-themes-centraux-des-26e-journees-technologiques-du-speedikon-group__trashed\/#primaryimage"},"image":{"@id":"https:\/\/www.charlyverse.com\/es\/lia-et-les-nouveautes-de-la-plateforme-c-sont-les-themes-centraux-des-26e-journees-technologiques-du-speedikon-group__trashed\/#primaryimage"},"thumbnailUrl":"https:\/\/www.charlyverse.com\/wp-content\/uploads\/2025\/06\/Charlyverse_Bild_Technologietage_Ankuendigung_eng.jpg","datePublished":"2025-06-05T05:30:00+00:00","dateModified":"2026-01-21T14:21:02+00:00","description":"En los 26 Technologietage, speedikon presenta casos de uso de IA y las mejoras recientes de la plataforma C para gesti\u00f3n y mantenimiento.","breadcrumb":{"@id":"https:\/\/www.charlyverse.com\/es\/lia-et-les-nouveautes-de-la-plateforme-c-sont-les-themes-centraux-des-26e-journees-technologiques-du-speedikon-group__trashed\/#breadcrumb"},"inLanguage":"es","potentialAction":[{"@type":"ReadAction","target":["https:\/\/www.charlyverse.com\/es\/lia-et-les-nouveautes-de-la-plateforme-c-sont-les-themes-centraux-des-26e-journees-technologiques-du-speedikon-group__trashed\/"]}]},{"@type":"ImageObject","inLanguage":"es","@id":"https:\/\/www.charlyverse.com\/es\/lia-et-les-nouveautes-de-la-plateforme-c-sont-les-themes-centraux-des-26e-journees-technologiques-du-speedikon-group__trashed\/#primaryimage","url":"https:\/\/www.charlyverse.com\/wp-content\/uploads\/2025\/06\/Charlyverse_Bild_Technologietage_Ankuendigung_eng.jpg","contentUrl":"https:\/\/www.charlyverse.com\/wp-content\/uploads\/2025\/06\/Charlyverse_Bild_Technologietage_Ankuendigung_eng.jpg","width":1200,"height":800,"caption":"Invitaci\u00f3n a las \"Jornadas Tecnol\u00f3gicas 2025\" con fechas y un edificio de fondo."},{"@type":"BreadcrumbList","@id":"https:\/\/www.charlyverse.com\/es\/lia-et-les-nouveautes-de-la-plateforme-c-sont-les-themes-centraux-des-26e-journees-technologiques-du-speedikon-group__trashed\/#breadcrumb","itemListElement":[{"@type":"ListItem","position":1,"name":"Start","item":"https:\/\/www.charlyverse.com\/"},{"@type":"ListItem","position":2,"name":"La IA y las innovaciones en la plataforma C son los temas clave de las 26\u00aa Jornadas Tecnol\u00f3gicas del Grupo speedikon"}]},{"@type":"WebSite","@id":"https:\/\/www.charlyverse.com\/#website","url":"https:\/\/www.charlyverse.com\/","name":"Charlyverse","description":"Home","publisher":{"@id":"https:\/\/www.charlyverse.com\/#organization"},"potentialAction":[{"@type":"SearchAction","target":{"@type":"EntryPoint","urlTemplate":"https:\/\/www.charlyverse.com\/?s={search_term_string}"},"query-input":{"@type":"PropertyValueSpecification","valueRequired":true,"valueName":"search_term_string"}}],"inLanguage":"es"},{"@type":"Organization","@id":"https:\/\/www.charlyverse.com\/#organization","name":"Charlyverse","url":"https:\/\/www.charlyverse.com\/","logo":{"@type":"ImageObject","inLanguage":"es","@id":"https:\/\/www.charlyverse.com\/#\/schema\/logo\/image\/","url":"https:\/\/www.charlyverse.com\/wp-content\/uploads\/2025\/05\/Charlyverse_Favicon_32x32.png","contentUrl":"https:\/\/www.charlyverse.com\/wp-content\/uploads\/2025\/05\/Charlyverse_Favicon_32x32.png","width":32,"height":32,"caption":"Charlyverse"},"image":{"@id":"https:\/\/www.charlyverse.com\/#\/schema\/logo\/image\/"}},{"@type":"Person","@id":"https:\/\/www.charlyverse.com\/#\/schema\/person\/ee3b98a61c758b8fe0bc70bddbb6aee9","name":"Charly","image":{"@type":"ImageObject","inLanguage":"es","@id":"https:\/\/secure.gravatar.com\/avatar\/d5986b3e06b635adace9f25491778ab88bdbe7230fd88481a592d1a899f3bc90?s=96&d=mm&r=g","url":"https:\/\/secure.gravatar.com\/avatar\/d5986b3e06b635adace9f25491778ab88bdbe7230fd88481a592d1a899f3bc90?s=96&d=mm&r=g","contentUrl":"https:\/\/secure.gravatar.com\/avatar\/d5986b3e06b635adace9f25491778ab88bdbe7230fd88481a592d1a899f3bc90?s=96&d=mm&r=g","caption":"Charly"},"url":"https:\/\/www.charlyverse.com\/es\/author\/charly\/"}]}},"_links":{"self":[{"href":"https:\/\/www.charlyverse.com\/es\/wp-json\/wp\/v2\/posts\/1818","targetHints":{"allow":["GET"]}}],"collection":[{"href":"https:\/\/www.charlyverse.com\/es\/wp-json\/wp\/v2\/posts"}],"about":[{"href":"https:\/\/www.charlyverse.com\/es\/wp-json\/wp\/v2\/types\/post"}],"author":[{"embeddable":true,"href":"https:\/\/www.charlyverse.com\/es\/wp-json\/wp\/v2\/users\/5"}],"replies":[{"embeddable":true,"href":"https:\/\/www.charlyverse.com\/es\/wp-json\/wp\/v2\/comments?post=1818"}],"version-history":[{"count":3,"href":"https:\/\/www.charlyverse.com\/es\/wp-json\/wp\/v2\/posts\/1818\/revisions"}],"predecessor-version":[{"id":1827,"href":"https:\/\/www.charlyverse.com\/es\/wp-json\/wp\/v2\/posts\/1818\/revisions\/1827"}],"wp:featuredmedia":[{"embeddable":true,"href":"https:\/\/www.charlyverse.com\/es\/wp-json\/wp\/v2\/media\/1862"}],"wp:attachment":[{"href":"https:\/\/www.charlyverse.com\/es\/wp-json\/wp\/v2\/media?parent=1818"}],"wp:term":[{"taxonomy":"category","embeddable":true,"href":"https:\/\/www.charlyverse.com\/es\/wp-json\/wp\/v2\/categories?post=1818"},{"taxonomy":"post_tag","embeddable":true,"href":"https:\/\/www.charlyverse.com\/es\/wp-json\/wp\/v2\/tags?post=1818"}],"curies":[{"name":"wp","href":"https:\/\/api.w.org\/{rel}","templated":true}]}}